{"id":399,"date":"2019-12-09T09:46:37","date_gmt":"2019-12-09T09:46:37","guid":{"rendered":"https:\/\/cnipt-raraul.ro\/fr\/?p=399"},"modified":"2020-09-02T09:49:18","modified_gmt":"2020-09-02T09:49:18","slug":"colectia-etnografica-ioan-gramada","status":"publish","type":"post","link":"https:\/\/cnipt-raraul.ro\/fr\/blog\/2019\/12\/09\/colectia-etnografica-ioan-gramada\/","title":{"rendered":"Collection ethnographique &#8222;Ioan Gr\u0103mad\u0103&#8221;"},"content":{"rendered":"\n<p>La collection ethnographique \u00abIoan Gr\u0103mad\u0103\u00bb, ouverte au public en 1999, capture l&#8217;atmosph\u00e8re charmante d&#8217;une maison traditionnelle de la Bucovine, \u00e0 la fin du XIXe si\u00e8cle.<\/p>\n\n\n\n<p>La collection, avec un patrimoine de plus de 9000 pi\u00e8ces, regroup\u00e9es en 14 salles et 4 espaces avec exposition ext\u00e9rieure, illustre toute la sph\u00e8re professionnelle des habitants du quartier et constitue un objectif touristique incontournable.<\/p>\n\n\n\n<p>Vornic Grigorie Sabie nr. 19<\/p>\n\n\n\n<p>0722680691<\/p>\n\n\n\n<p>L &#8211; D: 09\u00ba\u00ba &#8211; 20\u00ba\u00ba<\/p>\n","protected":false},"excerpt":{"rendered":"<p>La collection ethnographique \u00abIoan Gr\u0103mad\u0103\u00bb, ouverte au public en 1999, capture l&#8217;atmosph\u00e8re charmante d&#8217;une maison traditionnelle de la Bucovine, \u00e0 la fin du XIXe si\u00e8cle. La collection, avec un patrimoine de plus de 9000 pi\u00e8ces, regroup\u00e9es en 14 salles et 4 espaces avec exposition ext\u00e9rieure, illustre toute la sph\u00e8re professionnelle des habitants du quartier et [&hellip;]<\/p>\n","protected":false},"author":1,"featured_media":400,"comment_status":"open","ping_status":"open","sticky":false,"template":"","format":"standard","meta":{"_et_pb_use_builder":"off","_et_pb_old_content":"","_et_gb_content_width":"","footnotes":""},"categories":[9],"tags":[],"class_list":["post-399","post","type-post","status-publish","format-standard","has-post-thumbnail","hentry","category-obiective-turistice"],"yoast_head":"<!-- This site is optimized with the Yoast SEO plugin v26.6 - https:\/\/yoast.com\/wordpress\/plugins\/seo\/ -->\n<title>Colec\u021bia Etnografic\u0103 \u201eIoan Gr\u0103mad\u0103\u201d - Campulung Moldovenesc<\/title>\n<meta name=\"description\" content=\"Colec\u021bia Etnografic\u0103 \u201eIoan Gr\u0103mad\u0103\u201d, deschis\u0103 publicului \u00een anul 1999, surprinde atmosfera \u00eenc\u0103rcat\u0103 de farmec dintr-o cas\u0103 tradi\u021bional\u0103 bucovinean\u0103.\" \/>\n<meta name=\"robots\" content=\"index, follow, max-snippet:-1, max-image-preview:large, max-video-preview:-1\" \/>\n<link rel=\"canonical\" href=\"https:\/\/cnipt-raraul.ro\/fr\/blog\/2019\/12\/09\/colectia-etnografica-ioan-gramada\/\" \/>\n<meta property=\"og:locale\" content=\"ro_RO\" \/>\n<meta property=\"og:type\" content=\"article\" \/>\n<meta property=\"og:title\" content=\"Colec\u021bia Etnografic\u0103 \u201eIoan Gr\u0103mad\u0103\u201d - Campulung Moldovenesc\" \/>\n<meta property=\"og:description\" content=\"Colec\u021bia Etnografic\u0103 \u201eIoan Gr\u0103mad\u0103\u201d, deschis\u0103 publicului \u00een anul 1999, surprinde atmosfera \u00eenc\u0103rcat\u0103 de farmec dintr-o cas\u0103 tradi\u021bional\u0103 bucovinean\u0103.\" \/>\n<meta property=\"og:url\" content=\"https:\/\/cnipt-raraul.ro\/fr\/blog\/2019\/12\/09\/colectia-etnografica-ioan-gramada\/\" \/>\n<meta property=\"og:site_name\" content=\"Francais\" \/>\n<meta property=\"article:published_time\" content=\"2019-12-09T09:46:37+00:00\" \/>\n<meta property=\"article:modified_time\" content=\"2020-09-02T09:49:18+00:00\" \/>\n<meta property=\"og:image\" content=\"https:\/\/cnipt-raraul.ro\/fr\/wp-content\/uploads\/sites\/9\/2019\/12\/ceolectia-etnografica-ion-g.jpg\" \/>\n\t<meta property=\"og:image:width\" content=\"1200\" \/>\n\t<meta property=\"og:image:height\" content=\"600\" \/>\n\t<meta property=\"og:image:type\" content=\"image\/jpeg\" \/>\n<meta name=\"author\" content=\"CNIPT RAR\u0102UL\" \/>\n<meta name=\"twitter:card\" content=\"summary_large_image\" \/>\n<meta name=\"twitter:label1\" content=\"Scris de\" \/>\n\t<meta name=\"twitter:data1\" content=\"CNIPT RAR\u0102UL\" \/>\n<script type=\"application\/ld+json\" class=\"yoast-schema-graph\">{\"@context\":\"https:\/\/schema.org\",\"@graph\":[{\"@type\":\"WebPage\",\"@id\":\"https:\/\/cnipt-raraul.ro\/fr\/blog\/2019\/12\/09\/colectia-etnografica-ioan-gramada\/\",\"url\":\"https:\/\/cnipt-raraul.ro\/fr\/blog\/2019\/12\/09\/colectia-etnografica-ioan-gramada\/\",\"name\":\"Colec\u021bia Etnografic\u0103 \u201eIoan Gr\u0103mad\u0103\u201d - Campulung Moldovenesc\",\"isPartOf\":{\"@id\":\"https:\/\/cnipt-raraul.ro\/fr\/#website\"},\"primaryImageOfPage\":{\"@id\":\"https:\/\/cnipt-raraul.ro\/fr\/blog\/2019\/12\/09\/colectia-etnografica-ioan-gramada\/#primaryimage\"},\"image\":{\"@id\":\"https:\/\/cnipt-raraul.ro\/fr\/blog\/2019\/12\/09\/colectia-etnografica-ioan-gramada\/#primaryimage\"},\"thumbnailUrl\":\"https:\/\/cnipt-raraul.ro\/fr\/wp-content\/uploads\/sites\/9\/2019\/12\/ceolectia-etnografica-ion-g.jpg\",\"datePublished\":\"2019-12-09T09:46:37+00:00\",\"dateModified\":\"2020-09-02T09:49:18+00:00\",\"author\":{\"@id\":\"https:\/\/cnipt-raraul.ro\/fr\/#\/schema\/person\/85340bf8860fbbd14188bfaaa1a98ddf\"},\"description\":\"Colec\u021bia Etnografic\u0103 \u201eIoan Gr\u0103mad\u0103\u201d, deschis\u0103 publicului \u00een anul 1999, surprinde atmosfera \u00eenc\u0103rcat\u0103 de farmec dintr-o cas\u0103 tradi\u021bional\u0103 bucovinean\u0103.\",\"breadcrumb\":{\"@id\":\"https:\/\/cnipt-raraul.ro\/fr\/blog\/2019\/12\/09\/colectia-etnografica-ioan-gramada\/#breadcrumb\"},\"inLanguage\":\"ro-RO\",\"potentialAction\":[{\"@type\":\"ReadAction\",\"target\":[\"https:\/\/cnipt-raraul.ro\/fr\/blog\/2019\/12\/09\/colectia-etnografica-ioan-gramada\/\"]}]},{\"@type\":\"ImageObject\",\"inLanguage\":\"ro-RO\",\"@id\":\"https:\/\/cnipt-raraul.ro\/fr\/blog\/2019\/12\/09\/colectia-etnografica-ioan-gramada\/#primaryimage\",\"url\":\"https:\/\/cnipt-raraul.ro\/fr\/wp-content\/uploads\/sites\/9\/2019\/12\/ceolectia-etnografica-ion-g.jpg\",\"contentUrl\":\"https:\/\/cnipt-raraul.ro\/fr\/wp-content\/uploads\/sites\/9\/2019\/12\/ceolectia-etnografica-ion-g.jpg\",\"width\":1200,\"height\":600},{\"@type\":\"BreadcrumbList\",\"@id\":\"https:\/\/cnipt-raraul.ro\/fr\/blog\/2019\/12\/09\/colectia-etnografica-ioan-gramada\/#breadcrumb\",\"itemListElement\":[{\"@type\":\"ListItem\",\"position\":1,\"name\":\"Prima pagin\u0103\",\"item\":\"https:\/\/cnipt-raraul.ro\/fr\/\"},{\"@type\":\"ListItem\",\"position\":2,\"name\":\"Collection ethnographique &#8222;Ioan Gr\u0103mad\u0103&#8221;\"}]},{\"@type\":\"WebSite\",\"@id\":\"https:\/\/cnipt-raraul.ro\/fr\/#website\",\"url\":\"https:\/\/cnipt-raraul.ro\/fr\/\",\"name\":\"Francais\",\"description\":\"CNIPT\",\"potentialAction\":[{\"@type\":\"SearchAction\",\"target\":{\"@type\":\"EntryPoint\",\"urlTemplate\":\"https:\/\/cnipt-raraul.ro\/fr\/?s={search_term_string}\"},\"query-input\":{\"@type\":\"PropertyValueSpecification\",\"valueRequired\":true,\"valueName\":\"search_term_string\"}}],\"inLanguage\":\"ro-RO\"},{\"@type\":\"Person\",\"@id\":\"https:\/\/cnipt-raraul.ro\/fr\/#\/schema\/person\/85340bf8860fbbd14188bfaaa1a98ddf\",\"name\":\"CNIPT RAR\u0102UL\",\"image\":{\"@type\":\"ImageObject\",\"inLanguage\":\"ro-RO\",\"@id\":\"https:\/\/cnipt-raraul.ro\/fr\/#\/schema\/person\/image\/\",\"url\":\"https:\/\/secure.gravatar.com\/avatar\/d6217054f4e80e4336c36e309b0b6a92123a30f85041ff22f31a83a7ff2eec76?s=96&d=mm&r=g\",\"contentUrl\":\"https:\/\/secure.gravatar.com\/avatar\/d6217054f4e80e4336c36e309b0b6a92123a30f85041ff22f31a83a7ff2eec76?s=96&d=mm&r=g\",\"caption\":\"CNIPT RAR\u0102UL\"},\"url\":\"https:\/\/cnipt-raraul.ro\/fr\/blog\/author\/admin\/\"}]}<\/script>\n<!-- \/ Yoast SEO plugin. -->","yoast_head_json":{"title":"Colec\u021bia Etnografic\u0103 \u201eIoan Gr\u0103mad\u0103\u201d - Campulung Moldovenesc","description":"Colec\u021bia Etnografic\u0103 \u201eIoan Gr\u0103mad\u0103\u201d, deschis\u0103 publicului \u00een anul 1999, surprinde atmosfera \u00eenc\u0103rcat\u0103 de farmec dintr-o cas\u0103 tradi\u021bional\u0103 bucovinean\u0103.","robots":{"index":"index","follow":"follow","max-snippet":"max-snippet:-1","max-image-preview":"max-image-preview:large","max-video-preview":"max-video-preview:-1"},"canonical":"https:\/\/cnipt-raraul.ro\/fr\/blog\/2019\/12\/09\/colectia-etnografica-ioan-gramada\/","og_locale":"ro_RO","og_type":"article","og_title":"Colec\u021bia Etnografic\u0103 \u201eIoan Gr\u0103mad\u0103\u201d - Campulung Moldovenesc","og_description":"Colec\u021bia Etnografic\u0103 \u201eIoan Gr\u0103mad\u0103\u201d, deschis\u0103 publicului \u00een anul 1999, surprinde atmosfera \u00eenc\u0103rcat\u0103 de farmec dintr-o cas\u0103 tradi\u021bional\u0103 bucovinean\u0103.","og_url":"https:\/\/cnipt-raraul.ro\/fr\/blog\/2019\/12\/09\/colectia-etnografica-ioan-gramada\/","og_site_name":"Francais","article_published_time":"2019-12-09T09:46:37+00:00","article_modified_time":"2020-09-02T09:49:18+00:00","og_image":[{"width":1200,"height":600,"url":"https:\/\/cnipt-raraul.ro\/fr\/wp-content\/uploads\/sites\/9\/2019\/12\/ceolectia-etnografica-ion-g.jpg","type":"image\/jpeg"}],"author":"CNIPT RAR\u0102UL","twitter_card":"summary_large_image","twitter_misc":{"Scris de":"CNIPT RAR\u0102UL"},"schema":{"@context":"https:\/\/schema.org","@graph":[{"@type":"WebPage","@id":"https:\/\/cnipt-raraul.ro\/fr\/blog\/2019\/12\/09\/colectia-etnografica-ioan-gramada\/","url":"https:\/\/cnipt-raraul.ro\/fr\/blog\/2019\/12\/09\/colectia-etnografica-ioan-gramada\/","name":"Colec\u021bia Etnografic\u0103 \u201eIoan Gr\u0103mad\u0103\u201d - Campulung Moldovenesc","isPartOf":{"@id":"https:\/\/cnipt-raraul.ro\/fr\/#website"},"primaryImageOfPage":{"@id":"https:\/\/cnipt-raraul.ro\/fr\/blog\/2019\/12\/09\/colectia-etnografica-ioan-gramada\/#primaryimage"},"image":{"@id":"https:\/\/cnipt-raraul.ro\/fr\/blog\/2019\/12\/09\/colectia-etnografica-ioan-gramada\/#primaryimage"},"thumbnailUrl":"https:\/\/cnipt-raraul.ro\/fr\/wp-content\/uploads\/sites\/9\/2019\/12\/ceolectia-etnografica-ion-g.jpg","datePublished":"2019-12-09T09:46:37+00:00","dateModified":"2020-09-02T09:49:18+00:00","author":{"@id":"https:\/\/cnipt-raraul.ro\/fr\/#\/schema\/person\/85340bf8860fbbd14188bfaaa1a98ddf"},"description":"Colec\u021bia Etnografic\u0103 \u201eIoan Gr\u0103mad\u0103\u201d, deschis\u0103 publicului \u00een anul 1999, surprinde atmosfera \u00eenc\u0103rcat\u0103 de farmec dintr-o cas\u0103 tradi\u021bional\u0103 bucovinean\u0103.","breadcrumb":{"@id":"https:\/\/cnipt-raraul.ro\/fr\/blog\/2019\/12\/09\/colectia-etnografica-ioan-gramada\/#breadcrumb"},"inLanguage":"ro-RO","potentialAction":[{"@type":"ReadAction","target":["https:\/\/cnipt-raraul.ro\/fr\/blog\/2019\/12\/09\/colectia-etnografica-ioan-gramada\/"]}]},{"@type":"ImageObject","inLanguage":"ro-RO","@id":"https:\/\/cnipt-raraul.ro\/fr\/blog\/2019\/12\/09\/colectia-etnografica-ioan-gramada\/#primaryimage","url":"https:\/\/cnipt-raraul.ro\/fr\/wp-content\/uploads\/sites\/9\/2019\/12\/ceolectia-etnografica-ion-g.jpg","contentUrl":"https:\/\/cnipt-raraul.ro\/fr\/wp-content\/uploads\/sites\/9\/2019\/12\/ceolectia-etnografica-ion-g.jpg","width":1200,"height":600},{"@type":"BreadcrumbList","@id":"https:\/\/cnipt-raraul.ro\/fr\/blog\/2019\/12\/09\/colectia-etnografica-ioan-gramada\/#breadcrumb","itemListElement":[{"@type":"ListItem","position":1,"name":"Prima pagin\u0103","item":"https:\/\/cnipt-raraul.ro\/fr\/"},{"@type":"ListItem","position":2,"name":"Collection ethnographique &#8222;Ioan Gr\u0103mad\u0103&#8221;"}]},{"@type":"WebSite","@id":"https:\/\/cnipt-raraul.ro\/fr\/#website","url":"https:\/\/cnipt-raraul.ro\/fr\/","name":"Francais","description":"CNIPT","potentialAction":[{"@type":"SearchAction","target":{"@type":"EntryPoint","urlTemplate":"https:\/\/cnipt-raraul.ro\/fr\/?s={search_term_string}"},"query-input":{"@type":"PropertyValueSpecification","valueRequired":true,"valueName":"search_term_string"}}],"inLanguage":"ro-RO"},{"@type":"Person","@id":"https:\/\/cnipt-raraul.ro\/fr\/#\/schema\/person\/85340bf8860fbbd14188bfaaa1a98ddf","name":"CNIPT RAR\u0102UL","image":{"@type":"ImageObject","inLanguage":"ro-RO","@id":"https:\/\/cnipt-raraul.ro\/fr\/#\/schema\/person\/image\/","url":"https:\/\/secure.gravatar.com\/avatar\/d6217054f4e80e4336c36e309b0b6a92123a30f85041ff22f31a83a7ff2eec76?s=96&d=mm&r=g","contentUrl":"https:\/\/secure.gravatar.com\/avatar\/d6217054f4e80e4336c36e309b0b6a92123a30f85041ff22f31a83a7ff2eec76?s=96&d=mm&r=g","caption":"CNIPT RAR\u0102UL"},"url":"https:\/\/cnipt-raraul.ro\/fr\/blog\/author\/admin\/"}]}},"_links":{"self":[{"href":"https:\/\/cnipt-raraul.ro\/fr\/wp-json\/wp\/v2\/posts\/399","targetHints":{"allow":["GET"]}}],"collection":[{"href":"https:\/\/cnipt-raraul.ro\/fr\/wp-json\/wp\/v2\/posts"}],"about":[{"href":"https:\/\/cnipt-raraul.ro\/fr\/wp-json\/wp\/v2\/types\/post"}],"author":[{"embeddable":true,"href":"https:\/\/cnipt-raraul.ro\/fr\/wp-json\/wp\/v2\/users\/1"}],"replies":[{"embeddable":true,"href":"https:\/\/cnipt-raraul.ro\/fr\/wp-json\/wp\/v2\/comments?post=399"}],"version-history":[{"count":1,"href":"https:\/\/cnipt-raraul.ro\/fr\/wp-json\/wp\/v2\/posts\/399\/revisions"}],"predecessor-version":[{"id":764,"href":"https:\/\/cnipt-raraul.ro\/fr\/wp-json\/wp\/v2\/posts\/399\/revisions\/764"}],"wp:featuredmedia":[{"embeddable":true,"href":"https:\/\/cnipt-raraul.ro\/fr\/wp-json\/wp\/v2\/media\/400"}],"wp:attachment":[{"href":"https:\/\/cnipt-raraul.ro\/fr\/wp-json\/wp\/v2\/media?parent=399"}],"wp:term":[{"taxonomy":"category","embeddable":true,"href":"https:\/\/cnipt-raraul.ro\/fr\/wp-json\/wp\/v2\/categories?post=399"},{"taxonomy":"post_tag","embeddable":true,"href":"https:\/\/cnipt-raraul.ro\/fr\/wp-json\/wp\/v2\/tags?post=399"}],"curies":[{"name":"wp","href":"https:\/\/api.w.org\/{rel}","templated":true}]}}