{"id":391,"date":"2019-12-09T09:40:13","date_gmt":"2019-12-09T09:40:13","guid":{"rendered":"https:\/\/cnipt-raraul.ro\/en\/?p=391"},"modified":"2019-12-09T09:47:46","modified_gmt":"2019-12-09T09:47:46","slug":"codrul-secular-slatioara","status":"publish","type":"post","link":"https:\/\/cnipt-raraul.ro\/en\/blog\/2019\/12\/09\/codrul-secular-slatioara\/","title":{"rendered":"Codrul Secular Sl\u0103tioara"},"content":{"rendered":"\n<p>Aceast\u0103 rezerva\u0163ie forestier\u0103 se afl\u0103 pe versantul\nr\u0103s\u0103ritean al masivului Rar\u0103u fiind una din cele mai mari rezerva\u0163ii forestiere\ndin \u0163ar\u0103, iar \u00een ce prive\u015fte v\u00e2rsta Se apreciaz\u0103 c\u0103 este cea mai veche p\u0103dure\nde r\u0103\u015finoase \u00een amestec cu fag din \u0163ar\u0103, chiar din Europa.<\/p>\n\n\n<figure class=\"wp-block-embed-youtube wp-block-embed is-type-video is-provider-youtube wp-embed-aspect-16-9 wp-has-aspect-ratio lyte-align aligncenter\"><div class=\"lyte-wrapper fourthree\" style=\"width:420px;max-width:100%;margin:5px;\"><div class=\"lyMe\" id=\"WYL_5aeTUfJ4J7s\"><div id=\"lyte_5aeTUfJ4J7s\" data-src=\"\/\/i.ytimg.com\/vi\/5aeTUfJ4J7s\/hqdefault.jpg\" class=\"pL\"><div class=\"tC\"><div class=\"tT\"><\/div><\/div><div class=\"play\"><\/div><div class=\"ctrl\"><div class=\"Lctrl\"><\/div><div class=\"Rctrl\"><\/div><\/div><\/div><noscript><a href=\"https:\/\/youtu.be\/5aeTUfJ4J7s\" rel=\"nofollow\"><img loading=\"lazy\" decoding=\"async\" src=\"https:\/\/i.ytimg.com\/vi\/5aeTUfJ4J7s\/0.jpg\" alt=\"YouTube video thumbnail\" width=\"420\" height=\"295\" \/><br \/>Watch this video on YouTube<\/a><\/noscript><\/div><\/div><div class=\"lL\" style=\"max-width:100%;width:420px;margin:5px;\"><\/div><figcaption><\/figcaption><\/figure>\n\n\n<p>Aceast\u0103 zon\u0103 a dob\u00e2ndit statutul de Rezerva\u021bie Natural\u0103\n\u00eenc\u0103 din 1941, bucur\u00e2ndu-se astfel de mai bine de 75 de ani de recunoa\u0219tere\nna\u021bional\u0103 pentru comorile naturale pe care le ad\u0103poste\u0219te. Molizi \u015fi brazi\nuria\u015fi, cu circumferin\u0163e care amintesc de Sequoia, ruda lor mai \u00eendep\u0103rtat\u0103,\nfac dovada unei vitalit\u0103\u0163i extraordinare. Aici, brazi cu diametru de 1 m \u015fi cu\n\u00een\u0103l\u0163imi de 50 m au chiar 300-400 ani. Al\u0163ii, care de bun\u0103 seam\u0103 sunt mult mai\n\u201eb\u0103tr\u00e2ni\u201d, zac pr\u0103v\u0103li\u0163i sub povara anilor. Fagii \u015fi paltinii ating \u015fi ei\ndimensiuni \u015fi v\u00e2rste nu mai pu\u0163in venerabile.<\/p>\n\n\n\n<p>\u00cen anul 2017 Codrul Secular Sl\u0103tioara, al\u0103turi de alte\np\u0103duri seculare din Rom\u00e2nia \u0219i Europa, a fost inclus pe Lista Patrimoniului\nMondial al UNESCO.<\/p>\n","protected":false},"excerpt":{"rendered":"<p>Aceast\u0103 rezerva\u0163ie forestier\u0103 se afl\u0103 pe versantul r\u0103s\u0103ritean al masivului Rar\u0103u fiind una din cele mai mari rezerva\u0163ii forestiere din \u0163ar\u0103, iar \u00een ce prive\u015fte v\u00e2rsta Se apreciaz\u0103 c\u0103 este cea mai veche p\u0103dure de r\u0103\u015finoase \u00een amestec cu fag din \u0163ar\u0103, chiar din Europa. Aceast\u0103 zon\u0103 a dob\u00e2ndit statutul de Rezerva\u021bie Natural\u0103 \u00eenc\u0103 din [&hellip;]<\/p>\n","protected":false},"author":1,"featured_media":392,"comment_status":"open","ping_status":"open","sticky":false,"template":"","format":"standard","meta":{"_et_pb_use_builder":"off","_et_pb_old_content":"","_et_gb_content_width":"","footnotes":""},"categories":[9],"tags":[],"class_list":["post-391","post","type-post","status-publish","format-standard","has-post-thumbnail","hentry","category-obiective-turistice"],"yoast_head":"<!-- This site is optimized with the Yoast SEO plugin v26.6 - https:\/\/yoast.com\/wordpress\/plugins\/seo\/ -->\n<title>Codrul secular Sl\u0103tioara - Rezervatie Naturala Protejata<\/title>\n<meta name=\"description\" content=\"Codrul secular Sl\u0103tioara este o arie protejat\u0103 de interes na\u021bional situat pe versantul sud-estic al masivului Rar\u0103u. P\u0103dure neatins\u0103 de topor.\" \/>\n<meta name=\"robots\" content=\"index, follow, max-snippet:-1, max-image-preview:large, max-video-preview:-1\" \/>\n<link rel=\"canonical\" href=\"https:\/\/cnipt-raraul.ro\/en\/blog\/2019\/12\/09\/codrul-secular-slatioara\/\" \/>\n<meta property=\"og:locale\" content=\"en_US\" \/>\n<meta property=\"og:type\" content=\"article\" \/>\n<meta property=\"og:title\" content=\"Codrul secular Sl\u0103tioara - Rezervatie Naturala Protejata\" \/>\n<meta property=\"og:description\" content=\"Codrul secular Sl\u0103tioara este o arie protejat\u0103 de interes na\u021bional situat pe versantul sud-estic al masivului Rar\u0103u. P\u0103dure neatins\u0103 de topor.\" \/>\n<meta property=\"og:url\" content=\"https:\/\/cnipt-raraul.ro\/en\/blog\/2019\/12\/09\/codrul-secular-slatioara\/\" \/>\n<meta property=\"og:site_name\" content=\"English\" \/>\n<meta property=\"article:published_time\" content=\"2019-12-09T09:40:13+00:00\" \/>\n<meta property=\"article:modified_time\" content=\"2019-12-09T09:47:46+00:00\" \/>\n<meta property=\"og:image\" content=\"https:\/\/cnipt-raraul.ro\/en\/wp-content\/uploads\/sites\/8\/2019\/12\/codrul-secular-slatioara.jpg\" \/>\n\t<meta property=\"og:image:width\" content=\"1200\" \/>\n\t<meta property=\"og:image:height\" content=\"600\" \/>\n\t<meta property=\"og:image:type\" content=\"image\/jpeg\" \/>\n<meta name=\"author\" content=\"CNIPT RAR\u0102UL\" \/>\n<meta name=\"twitter:card\" content=\"summary_large_image\" \/>\n<meta name=\"twitter:label1\" content=\"Written by\" \/>\n\t<meta name=\"twitter:data1\" content=\"CNIPT RAR\u0102UL\" \/>\n\t<meta name=\"twitter:label2\" content=\"Est. reading time\" \/>\n\t<meta name=\"twitter:data2\" content=\"1 minute\" \/>\n<script type=\"application\/ld+json\" class=\"yoast-schema-graph\">{\"@context\":\"https:\/\/schema.org\",\"@graph\":[{\"@type\":\"WebPage\",\"@id\":\"https:\/\/cnipt-raraul.ro\/en\/blog\/2019\/12\/09\/codrul-secular-slatioara\/\",\"url\":\"https:\/\/cnipt-raraul.ro\/en\/blog\/2019\/12\/09\/codrul-secular-slatioara\/\",\"name\":\"Codrul secular Sl\u0103tioara - Rezervatie Naturala Protejata\",\"isPartOf\":{\"@id\":\"https:\/\/cnipt-raraul.ro\/en\/#website\"},\"primaryImageOfPage\":{\"@id\":\"https:\/\/cnipt-raraul.ro\/en\/blog\/2019\/12\/09\/codrul-secular-slatioara\/#primaryimage\"},\"image\":{\"@id\":\"https:\/\/cnipt-raraul.ro\/en\/blog\/2019\/12\/09\/codrul-secular-slatioara\/#primaryimage\"},\"thumbnailUrl\":\"https:\/\/cnipt-raraul.ro\/en\/wp-content\/uploads\/sites\/8\/2019\/12\/codrul-secular-slatioara.jpg\",\"datePublished\":\"2019-12-09T09:40:13+00:00\",\"dateModified\":\"2019-12-09T09:47:46+00:00\",\"author\":{\"@id\":\"https:\/\/cnipt-raraul.ro\/en\/#\/schema\/person\/85340bf8860fbbd14188bfaaa1a98ddf\"},\"description\":\"Codrul secular Sl\u0103tioara este o arie protejat\u0103 de interes na\u021bional situat pe versantul sud-estic al masivului Rar\u0103u. P\u0103dure neatins\u0103 de topor.\",\"breadcrumb\":{\"@id\":\"https:\/\/cnipt-raraul.ro\/en\/blog\/2019\/12\/09\/codrul-secular-slatioara\/#breadcrumb\"},\"inLanguage\":\"en-US\",\"potentialAction\":[{\"@type\":\"ReadAction\",\"target\":[\"https:\/\/cnipt-raraul.ro\/en\/blog\/2019\/12\/09\/codrul-secular-slatioara\/\"]}]},{\"@type\":\"ImageObject\",\"inLanguage\":\"en-US\",\"@id\":\"https:\/\/cnipt-raraul.ro\/en\/blog\/2019\/12\/09\/codrul-secular-slatioara\/#primaryimage\",\"url\":\"https:\/\/cnipt-raraul.ro\/en\/wp-content\/uploads\/sites\/8\/2019\/12\/codrul-secular-slatioara.jpg\",\"contentUrl\":\"https:\/\/cnipt-raraul.ro\/en\/wp-content\/uploads\/sites\/8\/2019\/12\/codrul-secular-slatioara.jpg\",\"width\":1200,\"height\":600},{\"@type\":\"BreadcrumbList\",\"@id\":\"https:\/\/cnipt-raraul.ro\/en\/blog\/2019\/12\/09\/codrul-secular-slatioara\/#breadcrumb\",\"itemListElement\":[{\"@type\":\"ListItem\",\"position\":1,\"name\":\"Prima pagin\u0103\",\"item\":\"https:\/\/cnipt-raraul.ro\/en\/\"},{\"@type\":\"ListItem\",\"position\":2,\"name\":\"Codrul Secular Sl\u0103tioara\"}]},{\"@type\":\"WebSite\",\"@id\":\"https:\/\/cnipt-raraul.ro\/en\/#website\",\"url\":\"https:\/\/cnipt-raraul.ro\/en\/\",\"name\":\"English\",\"description\":\"CNIPT\",\"potentialAction\":[{\"@type\":\"SearchAction\",\"target\":{\"@type\":\"EntryPoint\",\"urlTemplate\":\"https:\/\/cnipt-raraul.ro\/en\/?s={search_term_string}\"},\"query-input\":{\"@type\":\"PropertyValueSpecification\",\"valueRequired\":true,\"valueName\":\"search_term_string\"}}],\"inLanguage\":\"en-US\"},{\"@type\":\"Person\",\"@id\":\"https:\/\/cnipt-raraul.ro\/en\/#\/schema\/person\/85340bf8860fbbd14188bfaaa1a98ddf\",\"name\":\"CNIPT RAR\u0102UL\",\"image\":{\"@type\":\"ImageObject\",\"inLanguage\":\"en-US\",\"@id\":\"https:\/\/cnipt-raraul.ro\/en\/#\/schema\/person\/image\/\",\"url\":\"https:\/\/secure.gravatar.com\/avatar\/d6217054f4e80e4336c36e309b0b6a92123a30f85041ff22f31a83a7ff2eec76?s=96&d=mm&r=g\",\"contentUrl\":\"https:\/\/secure.gravatar.com\/avatar\/d6217054f4e80e4336c36e309b0b6a92123a30f85041ff22f31a83a7ff2eec76?s=96&d=mm&r=g\",\"caption\":\"CNIPT RAR\u0102UL\"},\"url\":\"https:\/\/cnipt-raraul.ro\/en\/blog\/author\/admin\/\"}]}<\/script>\n<!-- \/ Yoast SEO plugin. -->","yoast_head_json":{"title":"Codrul secular Sl\u0103tioara - Rezervatie Naturala Protejata","description":"Codrul secular Sl\u0103tioara este o arie protejat\u0103 de interes na\u021bional situat pe versantul sud-estic al masivului Rar\u0103u. P\u0103dure neatins\u0103 de topor.","robots":{"index":"index","follow":"follow","max-snippet":"max-snippet:-1","max-image-preview":"max-image-preview:large","max-video-preview":"max-video-preview:-1"},"canonical":"https:\/\/cnipt-raraul.ro\/en\/blog\/2019\/12\/09\/codrul-secular-slatioara\/","og_locale":"en_US","og_type":"article","og_title":"Codrul secular Sl\u0103tioara - Rezervatie Naturala Protejata","og_description":"Codrul secular Sl\u0103tioara este o arie protejat\u0103 de interes na\u021bional situat pe versantul sud-estic al masivului Rar\u0103u. P\u0103dure neatins\u0103 de topor.","og_url":"https:\/\/cnipt-raraul.ro\/en\/blog\/2019\/12\/09\/codrul-secular-slatioara\/","og_site_name":"English","article_published_time":"2019-12-09T09:40:13+00:00","article_modified_time":"2019-12-09T09:47:46+00:00","og_image":[{"width":1200,"height":600,"url":"https:\/\/cnipt-raraul.ro\/en\/wp-content\/uploads\/sites\/8\/2019\/12\/codrul-secular-slatioara.jpg","type":"image\/jpeg"}],"author":"CNIPT RAR\u0102UL","twitter_card":"summary_large_image","twitter_misc":{"Written by":"CNIPT RAR\u0102UL","Est. reading time":"1 minute"},"schema":{"@context":"https:\/\/schema.org","@graph":[{"@type":"WebPage","@id":"https:\/\/cnipt-raraul.ro\/en\/blog\/2019\/12\/09\/codrul-secular-slatioara\/","url":"https:\/\/cnipt-raraul.ro\/en\/blog\/2019\/12\/09\/codrul-secular-slatioara\/","name":"Codrul secular Sl\u0103tioara - Rezervatie Naturala Protejata","isPartOf":{"@id":"https:\/\/cnipt-raraul.ro\/en\/#website"},"primaryImageOfPage":{"@id":"https:\/\/cnipt-raraul.ro\/en\/blog\/2019\/12\/09\/codrul-secular-slatioara\/#primaryimage"},"image":{"@id":"https:\/\/cnipt-raraul.ro\/en\/blog\/2019\/12\/09\/codrul-secular-slatioara\/#primaryimage"},"thumbnailUrl":"https:\/\/cnipt-raraul.ro\/en\/wp-content\/uploads\/sites\/8\/2019\/12\/codrul-secular-slatioara.jpg","datePublished":"2019-12-09T09:40:13+00:00","dateModified":"2019-12-09T09:47:46+00:00","author":{"@id":"https:\/\/cnipt-raraul.ro\/en\/#\/schema\/person\/85340bf8860fbbd14188bfaaa1a98ddf"},"description":"Codrul secular Sl\u0103tioara este o arie protejat\u0103 de interes na\u021bional situat pe versantul sud-estic al masivului Rar\u0103u. P\u0103dure neatins\u0103 de topor.","breadcrumb":{"@id":"https:\/\/cnipt-raraul.ro\/en\/blog\/2019\/12\/09\/codrul-secular-slatioara\/#breadcrumb"},"inLanguage":"en-US","potentialAction":[{"@type":"ReadAction","target":["https:\/\/cnipt-raraul.ro\/en\/blog\/2019\/12\/09\/codrul-secular-slatioara\/"]}]},{"@type":"ImageObject","inLanguage":"en-US","@id":"https:\/\/cnipt-raraul.ro\/en\/blog\/2019\/12\/09\/codrul-secular-slatioara\/#primaryimage","url":"https:\/\/cnipt-raraul.ro\/en\/wp-content\/uploads\/sites\/8\/2019\/12\/codrul-secular-slatioara.jpg","contentUrl":"https:\/\/cnipt-raraul.ro\/en\/wp-content\/uploads\/sites\/8\/2019\/12\/codrul-secular-slatioara.jpg","width":1200,"height":600},{"@type":"BreadcrumbList","@id":"https:\/\/cnipt-raraul.ro\/en\/blog\/2019\/12\/09\/codrul-secular-slatioara\/#breadcrumb","itemListElement":[{"@type":"ListItem","position":1,"name":"Prima pagin\u0103","item":"https:\/\/cnipt-raraul.ro\/en\/"},{"@type":"ListItem","position":2,"name":"Codrul Secular Sl\u0103tioara"}]},{"@type":"WebSite","@id":"https:\/\/cnipt-raraul.ro\/en\/#website","url":"https:\/\/cnipt-raraul.ro\/en\/","name":"English","description":"CNIPT","potentialAction":[{"@type":"SearchAction","target":{"@type":"EntryPoint","urlTemplate":"https:\/\/cnipt-raraul.ro\/en\/?s={search_term_string}"},"query-input":{"@type":"PropertyValueSpecification","valueRequired":true,"valueName":"search_term_string"}}],"inLanguage":"en-US"},{"@type":"Person","@id":"https:\/\/cnipt-raraul.ro\/en\/#\/schema\/person\/85340bf8860fbbd14188bfaaa1a98ddf","name":"CNIPT RAR\u0102UL","image":{"@type":"ImageObject","inLanguage":"en-US","@id":"https:\/\/cnipt-raraul.ro\/en\/#\/schema\/person\/image\/","url":"https:\/\/secure.gravatar.com\/avatar\/d6217054f4e80e4336c36e309b0b6a92123a30f85041ff22f31a83a7ff2eec76?s=96&d=mm&r=g","contentUrl":"https:\/\/secure.gravatar.com\/avatar\/d6217054f4e80e4336c36e309b0b6a92123a30f85041ff22f31a83a7ff2eec76?s=96&d=mm&r=g","caption":"CNIPT RAR\u0102UL"},"url":"https:\/\/cnipt-raraul.ro\/en\/blog\/author\/admin\/"}]}},"_links":{"self":[{"href":"https:\/\/cnipt-raraul.ro\/en\/wp-json\/wp\/v2\/posts\/391","targetHints":{"allow":["GET"]}}],"collection":[{"href":"https:\/\/cnipt-raraul.ro\/en\/wp-json\/wp\/v2\/posts"}],"about":[{"href":"https:\/\/cnipt-raraul.ro\/en\/wp-json\/wp\/v2\/types\/post"}],"author":[{"embeddable":true,"href":"https:\/\/cnipt-raraul.ro\/en\/wp-json\/wp\/v2\/users\/1"}],"replies":[{"embeddable":true,"href":"https:\/\/cnipt-raraul.ro\/en\/wp-json\/wp\/v2\/comments?post=391"}],"version-history":[{"count":0,"href":"https:\/\/cnipt-raraul.ro\/en\/wp-json\/wp\/v2\/posts\/391\/revisions"}],"wp:featuredmedia":[{"embeddable":true,"href":"https:\/\/cnipt-raraul.ro\/en\/wp-json\/wp\/v2\/media\/392"}],"wp:attachment":[{"href":"https:\/\/cnipt-raraul.ro\/en\/wp-json\/wp\/v2\/media?parent=391"}],"wp:term":[{"taxonomy":"category","embeddable":true,"href":"https:\/\/cnipt-raraul.ro\/en\/wp-json\/wp\/v2\/categories?post=391"},{"taxonomy":"post_tag","embeddable":true,"href":"https:\/\/cnipt-raraul.ro\/en\/wp-json\/wp\/v2\/tags?post=391"}],"curies":[{"name":"wp","href":"https:\/\/api.w.org\/{rel}","templated":true}]}}